{"id":3842,"date":"2021-03-31T12:26:44","date_gmt":"2021-03-31T10:26:44","guid":{"rendered":"http:\/\/gabin-maurel.com\/design\/?p=3842"},"modified":"2021-04-02T13:14:06","modified_gmt":"2021-04-02T11:14:06","slug":"des-bureaux-design-et-colores-xtu-architects-paris","status":"publish","type":"post","link":"http:\/\/gabin-maurel.com\/design\/2021\/03\/31\/des-bureaux-design-et-colores-xtu-architects-paris\/","title":{"rendered":"Des bureaux design et color\u00e9s , XTU architects, Paris"},"content":{"rendered":"\n<h2 class=\"wp-block-heading\">Un rideau \u00e0 lani\u00e8res PVC courbe et color\u00e9 pour structurer l&#8217;espace<\/h2>\n\n\n\n<div class=\"wp-block-columns is-layout-flex wp-container-core-columns-is-layout-9d6595d7 wp-block-columns-is-layout-flex\">\n<div class=\"wp-block-column is-layout-flow wp-block-column-is-layout-flow\">\n<h3 class=\"wp-block-heading\">D\u00e9tails du projet<\/h3>\n\n\n\n<p><strong>Localisation<\/strong>: Paris, France<\/p>\n\n\n\n<p><strong>Projet<\/strong>: XTU architects d\u00e9voile son propre &#8220;bureau x&#8221;. Cette intervention \u00e0 plusieurs niveaux est un catalogue vivant des caract\u00e9ristiques inh\u00e9rentes \u00e0 leurs projets. L&#8217;espace offre une grande zone de travail ouverte qui favorise une atmosph\u00e8re de collaboration. Deux rideaux \u00e0 lani\u00e8res PVC verts s\u00e9parent les espaces o\u00f9 de petits groupes peuvent se r\u00e9unir. Un troisi\u00e8me rideau \u00e0 lani\u00e8res PVC vert s\u00e9pare les fonctions back-office.<\/p>\n<\/div>\n\n\n\n<div class=\"wp-block-column is-layout-flow wp-block-column-is-layout-flow\">\n<h3 class=\"wp-block-heading\">Cr\u00e9dits<\/h3>\n\n\n\n<p>Architecte: <a rel=\"noreferrer noopener\" href=\"http:\/\/www.x-tu.com\/\" target=\"_blank\">XTU architects<\/a>&nbsp;\/ Anouk Legendre<\/p>\n\n\n\n<p>Photographe: Luc Boegly<\/p>\n\n\n\n<p><a href=\"https:\/\/www.designboom.com\/architecture\/x-tu-architects-x-office-paris-france\/\" data-type=\"URL\" target=\"_blank\" rel=\"noreferrer noopener\">Page projet<\/a><\/p>\n<\/div>\n<\/div>\n\n\n\n<figure class=\"wp-block-image size-large\"><img loading=\"lazy\" decoding=\"async\" width=\"818\" height=\"515\" src=\"http:\/\/gabin-maurel.com\/design\/wp-content\/uploads\/2021\/03\/x-tu-x-office-paris-france-designboom-03.jpg\" alt=\"\" class=\"wp-image-3843\"\/><figcaption>Un rideau \u00e0 lani\u00e8re PVC color\u00e9 pour structurer l&#8217;espace;<\/figcaption><\/figure>\n\n\n\n<p>Les bureaux ondul\u00e9s fournissent des rangements et une grande surface de travail aux architectes. leur silhouette g\u00e9om\u00e9trique douce informe un vocabulaire coh\u00e9sif exprim\u00e9 du sol au plafond par le motif du sol, les rails de rideaux courb\u00e9s et les vides oblongs qui ponctuent le plafond. Les \u00e9tag\u00e8res \u00e0 livres r\u00e9interpr\u00e8tent ce langage avec une structure verticale irr\u00e9guli\u00e8re, rappelant la chute des livres.<\/p>\n\n\n\n<div class=\"wp-block-media-text alignwide is-stacked-on-mobile\"><figure class=\"wp-block-media-text__media\"><img loading=\"lazy\" decoding=\"async\" width=\"818\" height=\"545\" src=\"http:\/\/gabin-maurel.com\/design\/wp-content\/uploads\/2021\/03\/x-tu-x-office-paris-france-designboom-04.jpg\" alt=\"\" class=\"wp-image-3846 size-full\"\/><\/figure><div class=\"wp-block-media-text__content\">\n<p>L&#8217;utilisation d&#8217;un rideau \u00e0 lani\u00e8res PVC courbe permet de s\u00e9parer les espaces tout en conservant la luminosit\u00e9. La couleur verte brillante contraste avec les mat\u00e9riaux bruts et mats des lieux.<\/p>\n<\/div><\/div>\n\n\n\n<figure class=\"wp-block-image size-large\"><img loading=\"lazy\" decoding=\"async\" width=\"818\" height=\"480\" src=\"http:\/\/gabin-maurel.com\/design\/wp-content\/uploads\/2021\/03\/x-tu-x-office-paris-france-designboom-05.jpg\" alt=\"\" class=\"wp-image-3844\"\/><\/figure>\n\n\n\n<div class=\"wp-block-media-text alignwide is-stacked-on-mobile\"><figure class=\"wp-block-media-text__media\"><img loading=\"lazy\" decoding=\"async\" width=\"818\" height=\"479\" src=\"http:\/\/gabin-maurel.com\/design\/wp-content\/uploads\/2021\/03\/x-tu-x-office-paris-france-designboom-07.jpg\" alt=\"\" class=\"wp-image-3845 size-full\"\/><\/figure><div class=\"wp-block-media-text__content\">\n<p>Le plan du bureau refl\u00e8te les nombreuses couches de l&#8217;intervention du projet, caract\u00e9ris\u00e9 par des formes oblongues et une vari\u00e9t\u00e9 de textures.<\/p>\n<\/div><\/div>\n\n\n\n<div class=\"wp-block-cover alignwide has-background-dim has-background-gradient is-position-center-center\" style=\"background:linear-gradient(135deg,rgb(249,72,72) 1%,rgb(179,22,22) 100%);min-height:575px;aspect-ratio:unset;\"><div class=\"wp-block-cover__inner-container is-layout-flow wp-block-cover-is-layout-flow\">\n<div class=\"wp-block-columns alignwide is-layout-flex wp-container-core-columns-is-layout-9d6595d7 wp-block-columns-is-layout-flex\">\n<div class=\"wp-block-column is-layout-flow wp-block-column-is-layout-flow\" style=\"flex-basis:12%\">\n<div style=\"height:100px\" aria-hidden=\"true\" class=\"wp-block-spacer\"><\/div>\n<\/div>\n\n\n\n<div class=\"wp-block-column is-layout-flow wp-block-column-is-layout-flow\">\n<div style=\"height:100px\" aria-hidden=\"true\" class=\"wp-block-spacer\"><\/div>\n\n\n\n<p class=\"has-text-align-left has-text-color\" style=\"color:#fffffa;font-size:68px;line-height:1.2\"><strong>Ce projet vous inspire? <\/strong><\/p>\n\n\n\n<div class=\"wp-block-buttons is-layout-flex wp-block-buttons-is-layout-flex\">\n<div class=\"wp-block-button\"><a class=\"wp-block-button__link has-text-color has-background\" href=\"http:\/\/gabin-maurel.com\/design\/contact\/\" style=\"border-radius:3px;background-color:#fffffa;color:#00000a\">Nous pouvons vous aider , contactez-nous !<\/a><\/div>\n<\/div>\n\n\n\n<div style=\"height:100px\" aria-hidden=\"true\" class=\"wp-block-spacer\"><\/div>\n<\/div>\n\n\n\n<div class=\"wp-block-column is-layout-flow wp-block-column-is-layout-flow\" style=\"flex-basis:12%\">\n<div style=\"height:100px\" aria-hidden=\"true\" class=\"wp-block-spacer\"><\/div>\n<\/div>\n<\/div>\n<\/div><\/div>\n","protected":false},"excerpt":{"rendered":"<p>Un rideau \u00e0 lani\u00e8res PVC courbe et color\u00e9 pour structurer l&#8217;espace D\u00e9tails du projet Localisation: Paris, France Projet: XTU architects d\u00e9voile son propre &#8220;bureau x&#8221;. Cette intervention \u00e0 plusieurs niveaux est un catalogue vivant des caract\u00e9ristiques inh\u00e9rentes \u00e0 leurs projets. L&#8217;espace offre une grande zone de travail ouverte qui favorise une atmosph\u00e8re de collaboration. Deux rideaux \u00e0 lani\u00e8res PVC verts &hellip;<\/p>\n","protected":false},"author":1,"featured_media":3843,"comment_status":"closed","ping_status":"open","sticky":false,"template":"","format":"standard","meta":{"footnotes":""},"categories":[1],"tags":[],"class_list":["post-3842","post","type-post","status-publish","format-standard","has-post-thumbnail","hentry","category-non-classe"],"_links":{"self":[{"href":"http:\/\/gabin-maurel.com\/design\/wp-json\/wp\/v2\/posts\/3842","targetHints":{"allow":["GET"]}}],"collection":[{"href":"http:\/\/gabin-maurel.com\/design\/wp-json\/wp\/v2\/posts"}],"about":[{"href":"http:\/\/gabin-maurel.com\/design\/wp-json\/wp\/v2\/types\/post"}],"author":[{"embeddable":true,"href":"http:\/\/gabin-maurel.com\/design\/wp-json\/wp\/v2\/users\/1"}],"replies":[{"embeddable":true,"href":"http:\/\/gabin-maurel.com\/design\/wp-json\/wp\/v2\/comments?post=3842"}],"version-history":[{"count":2,"href":"http:\/\/gabin-maurel.com\/design\/wp-json\/wp\/v2\/posts\/3842\/revisions"}],"predecessor-version":[{"id":3849,"href":"http:\/\/gabin-maurel.com\/design\/wp-json\/wp\/v2\/posts\/3842\/revisions\/3849"}],"wp:featuredmedia":[{"embeddable":true,"href":"http:\/\/gabin-maurel.com\/design\/wp-json\/wp\/v2\/media\/3843"}],"wp:attachment":[{"href":"http:\/\/gabin-maurel.com\/design\/wp-json\/wp\/v2\/media?parent=3842"}],"wp:term":[{"taxonomy":"category","embeddable":true,"href":"http:\/\/gabin-maurel.com\/design\/wp-json\/wp\/v2\/categories?post=3842"},{"taxonomy":"post_tag","embeddable":true,"href":"http:\/\/gabin-maurel.com\/design\/wp-json\/wp\/v2\/tags?post=3842"}],"curies":[{"name":"wp","href":"https:\/\/api.w.org\/{rel}","templated":true}]}}